{"id":4249,"date":"2015-03-20T01:09:46","date_gmt":"2015-03-20T01:09:46","guid":{"rendered":"https:\/\/litecon.es\/?p=4249"},"modified":"2015-03-20T01:09:46","modified_gmt":"2015-03-20T01:09:46","slug":"actualidad-y-perspectivas-del-sector-de-la-rehabilitacion-en-espana","status":"publish","type":"post","link":"https:\/\/litecon.es\/en\/actualidad-y-perspectivas-del-sector-de-la-rehabilitacion-en-espana\/","title":{"rendered":"Actualidad y Perspectivas del Sector de la Rehabilitaci\u00f3n en Espa\u00f1a"},"content":{"rendered":"<p>Os adjuntamos art\u00edculo del Centro Informativo de la Construcci\u00f3n, CIC, realizado con la participaci\u00f3n de nuestro Vicepresidente y Ponente de la Comisi\u00f3n de Marketing y Comunicaci\u00f3n: D. Javier Hernandez Lario.<\/p>\n<p>Incluye Interesante DAFO de la Rehabilitaci\u00f3n en Espa\u00f1a.<\/p>\n[vcex_button url=&#8221;https:\/\/anerr.files.wordpress.com\/2015\/02\/cic-518_informe-sector-rehabilitacion.pdf&#8221; title=&#8221;Actualidad y Perspectivas del Sector de la Rehabilitaci\u00f3n en Espa\u00f1a&#8221; style=&#8221;graphical&#8221; align=&#8221;left&#8221; color=&#8221;#0042CC&#8221; size=&#8221;small&#8221; target=&#8221;blank&#8221; rel=&#8221;none&#8221;]INFORME SECTOR REHABILITACI\u00d3N[\/vcex_button]\n<\/br><\/p>\n<hr>\n<\/hr>\n<p>Fuente: <a href=\"https:\/\/anerr.wordpress.com\/2015\/02\/23\/actualidad-y-perspectivas-del-sector-de-la-rehabilitacion-en-espana\/\" title=\"Actualidad y Perspectivas del Sector de la Rehabilitaci\u00f3n en Espa\u00f1a\" target=\"_blank\">ANNER<\/a>    \t<\/p>\n","protected":false},"excerpt":{"rendered":"<p>Os adjuntamos art\u00edculo del Centro Informativo de la Construcci\u00f3n, CIC, realizado con la participaci\u00f3n de nuestro Vicepresidente y Ponente de la Comisi\u00f3n de Marketing y Comunicaci\u00f3n: D. Javier Hernandez Lario. Incluye Interesante DAFO de la Rehabilitaci\u00f3n en Espa\u00f1a. [vcex_button url=&#8221;https:\/\/anerr.files.wordpress.com\/2015\/02\/cic-518_informe-sector-rehabilitacion.pdf&#8221; title=&#8221;Actualidad y Perspectivas del Sector de la Rehabilitaci\u00f3n en Espa\u00f1a&#8221; style=&#8221;graphical&#8221; align=&#8221;left&#8221; color=&#8221;#0042CC&#8221; size=&#8221;small&#8221; target=&#8221;blank&#8221; [&hellip;]<\/p>\n","protected":false},"author":1,"featured_media":4250,"comment_status":"open","ping_status":"open","sticky":false,"template":"","format":"standard","meta":{"_genesis_hide_title":false,"_genesis_hide_breadcrumbs":false,"_genesis_hide_singular_image":false,"_genesis_hide_footer_widgets":false,"_genesis_custom_body_class":"","_genesis_custom_post_class":"","_genesis_layout":"","footnotes":""},"categories":[1],"tags":[13,7,14],"class_list":{"0":"post-4249","1":"post","2":"type-post","3":"status-publish","4":"format-standard","5":"has-post-thumbnail","7":"category-sin-categoria","8":"tag-actualidad","9":"tag-rehabilitacion","10":"tag-sector","11":"entry"},"_links":{"self":[{"href":"https:\/\/litecon.es\/en\/wp-json\/wp\/v2\/posts\/4249","targetHints":{"allow":["GET"]}}],"collection":[{"href":"https:\/\/litecon.es\/en\/wp-json\/wp\/v2\/posts"}],"about":[{"href":"https:\/\/litecon.es\/en\/wp-json\/wp\/v2\/types\/post"}],"author":[{"embeddable":true,"href":"https:\/\/litecon.es\/en\/wp-json\/wp\/v2\/users\/1"}],"replies":[{"embeddable":true,"href":"https:\/\/litecon.es\/en\/wp-json\/wp\/v2\/comments?post=4249"}],"version-history":[{"count":0,"href":"https:\/\/litecon.es\/en\/wp-json\/wp\/v2\/posts\/4249\/revisions"}],"wp:featuredmedia":[{"embeddable":true,"href":"https:\/\/litecon.es\/en\/wp-json\/wp\/v2\/media\/4250"}],"wp:attachment":[{"href":"https:\/\/litecon.es\/en\/wp-json\/wp\/v2\/media?parent=4249"}],"wp:term":[{"taxonomy":"category","embeddable":true,"href":"https:\/\/litecon.es\/en\/wp-json\/wp\/v2\/categories?post=4249"},{"taxonomy":"post_tag","embeddable":true,"href":"https:\/\/litecon.es\/en\/wp-json\/wp\/v2\/tags?post=4249"}],"curies":[{"name":"wp","href":"https:\/\/api.w.org\/{rel}","templated":true}]}}