{"id":4760,"date":"2016-01-22T16:14:35","date_gmt":"2016-01-22T16:14:35","guid":{"rendered":"https:\/\/litecon.es\/?p=4760"},"modified":"2016-01-22T16:14:35","modified_gmt":"2016-01-22T16:14:35","slug":"evitar-sentir-frio-en-tu-vivienda-en-invierno","status":"publish","type":"post","link":"https:\/\/litecon.es\/en\/evitar-sentir-frio-en-tu-vivienda-en-invierno\/","title":{"rendered":"Evitar sentir fr\u00edo en tu vivienda en invierno"},"content":{"rendered":"<p><a href=\"https:\/\/litecon.es\/wp-content\/uploads\/2016\/01\/casa.jpg\"><img decoding=\"async\" class=\"alignnone size-medium wp-image-4761 lazyload\" data-src=\"https:\/\/litecon.es\/wp-content\/uploads\/2016\/01\/casa-300x184.jpg\" alt=\"casa\" width=\"300\" height=\"184\" data-srcset=\"https:\/\/litecon.es\/wp-content\/uploads\/2016\/01\/casa-300x184.jpg 300w, https:\/\/litecon.es\/wp-content\/uploads\/2016\/01\/casa-768x471.jpg 768w, https:\/\/litecon.es\/wp-content\/uploads\/2016\/01\/casa.jpg 896w\" data-sizes=\"(max-width: 300px) 100vw, 300px\" src=\"data:image\/svg+xml;base64,PHN2ZyB3aWR0aD0iMSIgaGVpZ2h0PSIxIiB4bWxucz0iaHR0cDovL3d3dy53My5vcmcvMjAwMC9zdmciPjwvc3ZnPg==\" style=\"--smush-placeholder-width: 300px; --smush-placeholder-aspect-ratio: 300\/184;\" \/><\/a><\/p>\n<p>Un aislamiento insuficiente en el interior (cubierta, fachada y suelos) <strong>es causa de un escaso confort t\u00e9rmico y elevado consumo de energ\u00eda<\/strong>. Si una vivienda se encuentra insuficientemente aislada, sus ocupantes sentir\u00e1n fr\u00edo en verano dentro de su hogar, con las molestias de confort y riesgos en la salud que esto conlleva. Con las soluciones ISOVER, se mejorar\u00e1 el confort de su vivienda, aumentar\u00e1 su valor, y se obtendr\u00e1n ahorros en la factura energ\u00e9tica. Adicionalemnete, las soluciones de ISOVER proporcionan un aislamiento ac\u00fastico que evita las molestias causadas por el ruido.<\/p>\n<p>Descubre con <strong>ISOVER<\/strong> d\u00f3nde y c\u00f3mo se puede intervenir para no tener fr\u00edo en tu hogar en invierno.    \t<\/p>\n","protected":false},"excerpt":{"rendered":"<p>Un aislamiento insuficiente en el interior (cubierta, fachada y suelos) es causa de un escaso confort t\u00e9rmico y elevado consumo de energ\u00eda. Si una vivienda se encuentra insuficientemente aislada, sus ocupantes sentir\u00e1n fr\u00edo en verano dentro de su hogar, con las molestias de confort y riesgos en la salud que esto conlleva. Con las soluciones [&hellip;]<\/p>\n","protected":false},"author":1,"featured_media":4761,"comment_status":"open","ping_status":"open","sticky":false,"template":"","format":"standard","meta":{"_genesis_hide_title":false,"_genesis_hide_breadcrumbs":false,"_genesis_hide_singular_image":false,"_genesis_hide_footer_widgets":false,"_genesis_custom_body_class":"","_genesis_custom_post_class":"","_genesis_layout":"","footnotes":""},"categories":[1],"tags":[25,7],"class_list":{"0":"post-4760","1":"post","2":"type-post","3":"status-publish","4":"format-standard","5":"has-post-thumbnail","7":"category-sin-categoria","8":"tag-aislamiento","9":"tag-rehabilitacion","10":"entry"},"_links":{"self":[{"href":"https:\/\/litecon.es\/en\/wp-json\/wp\/v2\/posts\/4760","targetHints":{"allow":["GET"]}}],"collection":[{"href":"https:\/\/litecon.es\/en\/wp-json\/wp\/v2\/posts"}],"about":[{"href":"https:\/\/litecon.es\/en\/wp-json\/wp\/v2\/types\/post"}],"author":[{"embeddable":true,"href":"https:\/\/litecon.es\/en\/wp-json\/wp\/v2\/users\/1"}],"replies":[{"embeddable":true,"href":"https:\/\/litecon.es\/en\/wp-json\/wp\/v2\/comments?post=4760"}],"version-history":[{"count":0,"href":"https:\/\/litecon.es\/en\/wp-json\/wp\/v2\/posts\/4760\/revisions"}],"wp:featuredmedia":[{"embeddable":true,"href":"https:\/\/litecon.es\/en\/wp-json\/wp\/v2\/media\/4761"}],"wp:attachment":[{"href":"https:\/\/litecon.es\/en\/wp-json\/wp\/v2\/media?parent=4760"}],"wp:term":[{"taxonomy":"category","embeddable":true,"href":"https:\/\/litecon.es\/en\/wp-json\/wp\/v2\/categories?post=4760"},{"taxonomy":"post_tag","embeddable":true,"href":"https:\/\/litecon.es\/en\/wp-json\/wp\/v2\/tags?post=4760"}],"curies":[{"name":"wp","href":"https:\/\/api.w.org\/{rel}","templated":true}]}}