{"id":4796,"date":"2016-04-17T07:50:32","date_gmt":"2016-04-17T07:50:32","guid":{"rendered":"https:\/\/litecon.es\/?p=4796"},"modified":"2016-04-17T07:50:32","modified_gmt":"2016-04-17T07:50:32","slug":"el-valor-de-las-redes-sociales","status":"publish","type":"post","link":"https:\/\/litecon.es\/en\/el-valor-de-las-redes-sociales\/","title":{"rendered":"El valor de las redes sociales"},"content":{"rendered":"<p>Buenos d\u00edas. Desde Litecon os queremos contar porque estamos en las redes y nada mejor que por medio de este articulo de\u00a0<span class=\"entry-author\"><span class=\"entry-author-name\">Marc Vigilante\u00a0(Profesional de Recursos Humanos) para cargaros de motivos. Antes recordaros donde encontrarnos en <a title=\"facebook\" href=\"https:\/\/www.facebook.com\/litecon4567\/\" target=\"_blank\">Facebook<\/a>, \u00a0<a title=\"google+\" href=\"https:\/\/plus.google.com\/u\/0\/collection\/0wEaZB\" target=\"_blank\">Google+<\/a>, <a title=\"linkedin\" href=\"https:\/\/es.linkedin.com\/in\/fernando-prieto-76b71431\" target=\"_blank\">Linkedin<\/a>, <a title=\"twitter\" href=\"https:\/\/twitter.com\/const_litecon?lang=es\" target=\"_blank\">Twiter<\/a>, <a title=\"Pinterest\" href=\"https:\/\/es.pinterest.com\/litecon2015\/litecon\/\" target=\"_blank\">Pinterest<\/a>, Os esperamos<\/span><\/span><\/p>\n<p>Redes sociales:<\/p>\n<div class=\"su-quote su-quote-style-default su-quote-has-cite\">\n<div class=\"su-quote-inner su-clearfix\"><strong>En tiempos de cambio, quienes est\u00e9n abiertos al aprendizaje se adue\u00f1ar\u00e1n del futuro, mientras que aquellos que creen saberlo todo estar\u00e1n bien equipados para un mundo que no existe.<\/strong><span class=\"su-quote-cite\">Eric Hoffer (escritor y psic\u00f3logo estadounidense)<\/span><\/div>\n<\/div>\n<p><img decoding=\"async\" class=\"wp-image-1201 aligncenter lazyload\" data-src=\"http:\/\/i2.wp.com\/marcvigilante.com\/wp-content\/uploads\/2016\/03\/redessociales.jpg?resize=410%2C290\" alt=\"el valor de las redes sociales\" width=\"410\" height=\"290\" src=\"data:image\/svg+xml;base64,PHN2ZyB3aWR0aD0iMSIgaGVpZ2h0PSIxIiB4bWxucz0iaHR0cDovL3d3dy53My5vcmcvMjAwMC9zdmciPjwvc3ZnPg==\" style=\"--smush-placeholder-width: 410px; --smush-placeholder-aspect-ratio: 410\/290;\" \/><\/p>\n<p><strong>\u00bfA qu\u00e9 est\u00e1s esperando para usar las redes sociales?<\/strong><\/p>\n<p>Me sorprende ver\u00a0empresas que todav\u00eda\u00a0<strong>no tienen presencia<\/strong> o <strong>su presencia es casi nula<\/strong> en las <strong>redes sociales<\/strong>. En\u00a0estos tiempos\u00a0me parece un error estrat\u00e9gico el no disponer de ning\u00fan canal de comunicaci\u00f3n externo que permita interactuar con potenciales\u00a0embajadores de tu marca, compradores de tu marca o empleados de tu marca.<\/p>\n<p>Estar en las<strong> redes sociales<\/strong> s\u00f3lo puede conllevar <strong>beneficios<\/strong> si se gestionan adecuadamente. Al igual que las empresas buscan la actividad de los candidatos en las redes para tener informaci\u00f3n, los candidatos\u00a0tambi\u00e9n buscan en profundidad la actividad de las empresas.<\/p>\n<p>Ya no se conforman con ver una p\u00e1gina web est\u00e1ndar. Buscan a los directivos, a los empleados, a las personas influyentes de la empresa, analizan\u00a0<strong>qu\u00e9 dicen<\/strong> y <strong>c\u00f3mo lo dicen<\/strong>, desean ver qu\u00e9 <strong>valores<\/strong>transmiten, buscan algo con lo que <strong>identificarse.<\/strong><\/p>\n<p>Si deseas <strong>talento<\/strong> para tu empresa, tendr\u00e1s que reflejar <strong>valor de marca empresarial<\/strong>. Dales lo que buscan y desean encontrar en ti.<\/p>\n<p>Y no s\u00f3lo ellos. Los clientes, los\u00a0<em>influencers<\/em>\u00a0del sector y la competencia son\u00a0muy activos viendo lo que hacen los dem\u00e1s. Es mejor ense\u00f1ar\u00a0y demostrar lo que haces y c\u00f3mo lo haces y llegar\u00a0a\u00a0ser un referente en tu sector que esperar a que te coman el terreno sin darte cuenta (y lo har\u00e1n). No tengas miedo en compartir lo que haces. Mira, observa, escucha, investiga, s\u00e9 generoso y colaborativo.<\/p>\n<p>El no hacer nada\u00a0te llevar\u00e1\u00a0al <strong>ostracismo empresarial<\/strong> y a la percepci\u00f3n de <strong>marca alejada<\/strong> de los tiempos actuales de cambios y transformaciones constantes en lo\u00a0digital y tecnol\u00f3gico. La nueva fuerza laboral emergente ya no quiere trabajar en organizaciones inm\u00f3viles y endog\u00e1micas. <strong>Quieren entornos din\u00e1micos, de desarrollo y de conocimiento compartido<\/strong>. Pi\u00e9nsalo bien y act\u00faa.<\/p>\n<h2><strong>\u00bfQu\u00e9 puedes perder?<\/strong><\/h2>\n<p>Acostumbramos\u00a0a ver en muchos casos s\u00f3lo la cl\u00e1sica p\u00e1gina web de empresa con una presentaci\u00f3n corporativa, un apartado de trabaja conmigo, los productos y servicios que ofrecen y poco m\u00e1s. Este tipo de webs est\u00e1n quedando atr\u00e1s y no permiten ning\u00fan tipo de interacci\u00f3n real con el visitante. S\u00f3lo te permite \u201cextraer\u201d informaci\u00f3n corporativa. Hablar de\u00a0<em>fanpages, redes sociales corporativas, chats o blogs<\/em>\u00a0ya es hablar, en muchos casos, de tecnolog\u00eda punta (n\u00f3tese la iron\u00eda, por favor).<\/p>\n<p>Da un cambio a tu forma de ver los negocios. Tienes que estar en las principales redes sociales. <strong>Twitter, Facebook, Linkedin<\/strong> son obligatorios, Pero no de una manera est\u00e1tica. Debes <strong>compartir<\/strong>conocimiento propio y ajeno. Ser <strong>activo <\/strong>y adelantarte a lo que pide tu sector.<\/p>\n<p>Y lo qu\u00e9 cada d\u00eda es\u00a0m\u00e1s necesario es el apartado del <strong>Blog<\/strong>. All\u00ed puedes reflejar realmente qu\u00e9 eres como empresa, tus valores y objetivos en cada escrito que compartas. Puedes llegar a miles de usuarios transmitiendo y compartiendo conocimiento y experiencias. Haz que sea un blog interactivo, permite los comentarios y, sobre todo, contesta a qui\u00e9n hace el esfuerzo de leerte y escribirte.<\/p>\n<p>Y otra cosa que no entiendo, y me parece preocupante, es ver que los principales directivos de muchas empresas espa\u00f1olas no est\u00e1n en las redes, o si est\u00e1n, est\u00e1n inactivos. \u00bfPor qu\u00e9?, \u00bfa qu\u00e9 tienen\u00a0miedo?, \u00bfno tienen\u00a0nada que decir y compartir?, \u00bffalta de tiempo? \u00bfp\u00e9rdida de tiempo?. Creo que no hay excusas.<\/p>\n<p>La verdad que no encuentro pr\u00e1cticamente ninguna raz\u00f3n para no estar en las redes sociales como empresa y como directivo. Organiza, planifica, gestiona y act\u00faa. Obtendr\u00e1s mucho m\u00e1s que beneficios y notoriedad para tu negocio.<\/p>\n<h3><strong>\u00bfQu\u00e9 puedes ganar?\u00a0<\/strong><\/h3>\n<p>Desde que soy un usuario activo en las redes s\u00f3lo he visto y comprobado que lo que aportan es mucho m\u00e1s de\u00a0lo que\u00a0no.<\/p>\n<p>Evidentemente tienes que saber gestionar y planificar tu tiempo. Ante tanta y tanta cantidad de informaci\u00f3n tienes que seleccionar muy bien la informaci\u00f3n que es relevante para ti y tu negocio. Para ayudarte existen excelentes <strong>gestores de contenidos y de seguimiento de feeds<\/strong>. Tambi\u00e9n excelente profesionales de <strong>curaci\u00f3n de contenidos<\/strong> que pueden hacer el trabajo por ti seleccionando lo m\u00e1s interesante y mejor de tu \u00e1rea de inter\u00e9s. Tambi\u00e9n <strong>existen los grupos y comunidades<\/strong> tanto en <strong>Linkedin<\/strong> como en <strong>Facebook<\/strong>. Y en<strong>Twitter<\/strong> las <strong>listas <\/strong>te guiar\u00e1n para no perderte en el\u00a0<em>timeline<\/em>.<\/p>\n<p>Adem\u00e1s, y probablemente te sorprenda, encontrar\u00e1s una generosidad inusitada en las redes. Las personas suelen ser muy agradecidas y comparten los contenidos interesantes y de valor. Eso s\u00ed, s\u00e9 agradecido y colaborativo. Las redes sociales se basan en eso.\u00a0<strong>Compartir<\/strong>,\u00a0<strong>agradecer<\/strong>\u00a0y\u00a0<strong>colaborar<\/strong>.<\/p>\n<p><strong>\u00bfBeneficios?<\/strong> muchos<\/p>\n<ul>\n<li>Ganar\u00e1s <strong>notoriedad de marca empresarial<\/strong>.<\/li>\n<li>Ganar\u00e1s <strong>notoriedad de marca personal<\/strong>.<\/li>\n<li>Podr\u00e1s llegar\u00a0a ser un <strong>referente <\/strong>de tu sector.<\/li>\n<li>Obtendr\u00e1s mayor <strong>visibilidad.<\/strong><\/li>\n<li>Estar\u00e1s en disposici\u00f3n de dar\u00a0<strong>conferencias<\/strong> y asistir a<strong> eventos<\/strong>relevantes.<\/li>\n<li>Ganar\u00e1s y atraer\u00e1s <strong>seguidores<\/strong>.<\/li>\n<li>Ganar\u00e1s futuros <strong>clientes<\/strong> y <strong>colaboradores<\/strong><\/li>\n<li>Afianzar\u00e1s la <strong>confianza<\/strong> de los que ya son clientes y colaboradores.<\/li>\n<li>Ganar\u00e1s en <strong>transparencia<\/strong> y <strong>comunicaci\u00f3n<\/strong> abierta y fluida.<\/li>\n<li>Transmitir\u00e1s tu <strong>misi\u00f3n <\/strong>y <strong>valores <\/strong>de tu boca y no a trav\u00e9s de los dem\u00e1s.<\/li>\n<li>Ser\u00e1s capaz de <strong>reaccionar<\/strong> a los cambios antes que muchos. La informaci\u00f3n te da esa capacidad.<\/li>\n<li><strong>Compartir\u00e1s <\/strong>valor para los dem\u00e1s.<\/li>\n<\/ul>\n<p><strong>\u00bfY t\u00fa a qu\u00e9 esperas para estar en las redes sociales?<\/strong><\/p>\n<p>Para acabar un poco de humor sobre las <strong>redes sociales<\/strong> de la mano de <strong>Leo Harlem<\/strong>. \u00a1A disfrutarlo!<\/p>\n<p><iframe title=\"Leo Harlem: Redes sociales - El Club de la Comedia\" width=\"500\" height=\"281\" data-src=\"https:\/\/www.youtube.com\/embed\/Lfhqz04bpZ4?feature=oembed\" frameborder=\"0\" allow=\"accelerometer; autoplay; clipboard-write; encrypted-media; gyroscope; picture-in-picture; web-share\" referrerpolicy=\"strict-origin-when-cross-origin\" allowfullscreen src=\"data:image\/svg+xml;base64,PHN2ZyB3aWR0aD0iMSIgaGVpZ2h0PSIxIiB4bWxucz0iaHR0cDovL3d3dy53My5vcmcvMjAwMC9zdmciPjwvc3ZnPg==\" class=\"lazyload\" data-load-mode=\"1\"><\/iframe><\/p>\n<p>Esta entrada fue publicada originalmente en &#8220;La nueva ruta del empleo&#8221;    \t<\/p>\n","protected":false},"excerpt":{"rendered":"<p>Buenos d\u00edas. Desde Litecon os queremos contar porque estamos en las redes y nada mejor que por medio de este articulo de\u00a0Marc Vigilante\u00a0(Profesional de Recursos Humanos) para cargaros de motivos. Antes recordaros donde encontrarnos en Facebook, \u00a0Google+, Linkedin, Twiter, Pinterest, Os esperamos Redes sociales: En tiempos de cambio, quienes est\u00e9n abiertos al aprendizaje se adue\u00f1ar\u00e1n [&hellip;]<\/p>\n","protected":false},"author":1,"featured_media":4797,"comment_status":"open","ping_status":"open","sticky":false,"template":"","format":"standard","meta":{"_genesis_hide_title":false,"_genesis_hide_breadcrumbs":false,"_genesis_hide_singular_image":false,"_genesis_hide_footer_widgets":false,"_genesis_custom_body_class":"","_genesis_custom_post_class":"","_genesis_layout":"","footnotes":""},"categories":[1],"tags":[32,33,34,35,36,37,38],"class_list":{"0":"post-4796","1":"post","2":"type-post","3":"status-publish","4":"format-standard","5":"has-post-thumbnail","7":"category-sin-categoria","8":"tag-facebook","9":"tag-google","10":"tag-linkedin","11":"tag-pinterest","12":"tag-redes","13":"tag-sociales","14":"tag-twitter","15":"entry"},"_links":{"self":[{"href":"https:\/\/litecon.es\/en\/wp-json\/wp\/v2\/posts\/4796","targetHints":{"allow":["GET"]}}],"collection":[{"href":"https:\/\/litecon.es\/en\/wp-json\/wp\/v2\/posts"}],"about":[{"href":"https:\/\/litecon.es\/en\/wp-json\/wp\/v2\/types\/post"}],"author":[{"embeddable":true,"href":"https:\/\/litecon.es\/en\/wp-json\/wp\/v2\/users\/1"}],"replies":[{"embeddable":true,"href":"https:\/\/litecon.es\/en\/wp-json\/wp\/v2\/comments?post=4796"}],"version-history":[{"count":0,"href":"https:\/\/litecon.es\/en\/wp-json\/wp\/v2\/posts\/4796\/revisions"}],"wp:featuredmedia":[{"embeddable":true,"href":"https:\/\/litecon.es\/en\/wp-json\/wp\/v2\/media\/4797"}],"wp:attachment":[{"href":"https:\/\/litecon.es\/en\/wp-json\/wp\/v2\/media?parent=4796"}],"wp:term":[{"taxonomy":"category","embeddable":true,"href":"https:\/\/litecon.es\/en\/wp-json\/wp\/v2\/categories?post=4796"},{"taxonomy":"post_tag","embeddable":true,"href":"https:\/\/litecon.es\/en\/wp-json\/wp\/v2\/tags?post=4796"}],"curies":[{"name":"wp","href":"https:\/\/api.w.org\/{rel}","templated":true}]}}