{"id":4823,"date":"2016-09-28T12:14:00","date_gmt":"2016-09-28T12:14:00","guid":{"rendered":"https:\/\/litecon.es\/?p=4823"},"modified":"2016-09-28T12:14:00","modified_gmt":"2016-09-28T12:14:00","slug":"rehabilitacion-integral-de-aparcamiento-en-madrid","status":"publish","type":"post","link":"https:\/\/litecon.es\/en\/rehabilitacion-integral-de-aparcamiento-en-madrid\/","title":{"rendered":"Rehabilitaci\u00f3n integral de aparcamiento en Madrid"},"content":{"rendered":"<p>Despu\u00e9s de casi un a\u00f1o de trabajos se ha finalizado la obra de refuerzo estructural y rehabilitaci\u00f3n de aparcamiento de 520 plazas en Madrid<\/p>\n<div id='gallery-1' class='gallery galleryid-4823 gallery-columns-3 gallery-size-thumbnail'><figure class='gallery-item'>\n\t\t\t<div class='gallery-icon landscape'>\n\t\t\t\t<a href='https:\/\/litecon.es\/en\/nuestros-equipos-han-trabajado-duro-por-toda-europa\/image003\/'><img decoding=\"async\" width=\"150\" height=\"150\" data-src=\"https:\/\/litecon.es\/wp-content\/uploads\/2016\/09\/image003-150x150.jpg\" class=\"attachment-thumbnail size-thumbnail lazyload\" alt=\"Rehabilitaci\u00f3n de edificios\" src=\"data:image\/svg+xml;base64,PHN2ZyB3aWR0aD0iMSIgaGVpZ2h0PSIxIiB4bWxucz0iaHR0cDovL3d3dy53My5vcmcvMjAwMC9zdmciPjwvc3ZnPg==\" style=\"--smush-placeholder-width: 150px; --smush-placeholder-aspect-ratio: 150\/150;\" \/><\/a>\n\t\t\t<\/div><\/figure><figure class='gallery-item'>\n\t\t\t<div class='gallery-icon landscape'>\n\t\t\t\t<a href='https:\/\/litecon.es\/en\/nuestros-equipos-han-trabajado-duro-por-toda-europa\/image002\/'><img decoding=\"async\" width=\"150\" height=\"150\" data-src=\"https:\/\/litecon.es\/wp-content\/uploads\/2016\/09\/image002-150x150.jpg\" class=\"attachment-thumbnail size-thumbnail lazyload\" alt=\"Rehabilitaci\u00f3n de parking\" src=\"data:image\/svg+xml;base64,PHN2ZyB3aWR0aD0iMSIgaGVpZ2h0PSIxIiB4bWxucz0iaHR0cDovL3d3dy53My5vcmcvMjAwMC9zdmciPjwvc3ZnPg==\" style=\"--smush-placeholder-width: 150px; --smush-placeholder-aspect-ratio: 150\/150;\" \/><\/a>\n\t\t\t<\/div><\/figure><figure class='gallery-item'>\n\t\t\t<div class='gallery-icon portrait'>\n\t\t\t\t<a href='https:\/\/litecon.es\/en\/nuestros-equipos-han-trabajado-duro-por-toda-europa\/image005\/'><img decoding=\"async\" width=\"150\" height=\"150\" data-src=\"https:\/\/litecon.es\/wp-content\/uploads\/2016\/09\/image005-150x150.jpg\" class=\"attachment-thumbnail size-thumbnail lazyload\" alt=\"Rehabilitaci\u00f3n de edificios\" src=\"data:image\/svg+xml;base64,PHN2ZyB3aWR0aD0iMSIgaGVpZ2h0PSIxIiB4bWxucz0iaHR0cDovL3d3dy53My5vcmcvMjAwMC9zdmciPjwvc3ZnPg==\" style=\"--smush-placeholder-width: 150px; --smush-placeholder-aspect-ratio: 150\/150;\" \/><\/a>\n\t\t\t<\/div><\/figure><figure class='gallery-item'>\n\t\t\t<div class='gallery-icon landscape'>\n\t\t\t\t<a href='https:\/\/litecon.es\/en\/nuestros-equipos-han-trabajado-duro-por-toda-europa\/image004\/'><img decoding=\"async\" width=\"150\" height=\"150\" data-src=\"https:\/\/litecon.es\/wp-content\/uploads\/2016\/09\/image004-150x150.png\" class=\"attachment-thumbnail size-thumbnail lazyload\" alt=\"Rehabilitaci\u00f3n de edificios\" src=\"data:image\/svg+xml;base64,PHN2ZyB3aWR0aD0iMSIgaGVpZ2h0PSIxIiB4bWxucz0iaHR0cDovL3d3dy53My5vcmcvMjAwMC9zdmciPjwvc3ZnPg==\" style=\"--smush-placeholder-width: 150px; --smush-placeholder-aspect-ratio: 150\/150;\" \/><\/a>\n\t\t\t<\/div><\/figure><figure class='gallery-item'>\n\t\t\t<div class='gallery-icon landscape'>\n\t\t\t\t<a href='https:\/\/litecon.es\/en\/nuestros-equipos-han-trabajado-duro-por-toda-europa\/image006\/'><img decoding=\"async\" width=\"150\" height=\"150\" data-src=\"https:\/\/litecon.es\/wp-content\/uploads\/2016\/09\/image006-150x150.jpg\" class=\"attachment-thumbnail size-thumbnail lazyload\" alt=\"Rehabilitaci\u00f3n de edificios\" src=\"data:image\/svg+xml;base64,PHN2ZyB3aWR0aD0iMSIgaGVpZ2h0PSIxIiB4bWxucz0iaHR0cDovL3d3dy53My5vcmcvMjAwMC9zdmciPjwvc3ZnPg==\" style=\"--smush-placeholder-width: 150px; --smush-placeholder-aspect-ratio: 150\/150;\" \/><\/a>\n\t\t\t<\/div><\/figure><figure class='gallery-item'>\n\t\t\t<div class='gallery-icon landscape'>\n\t\t\t\t<a href='https:\/\/litecon.es\/en\/nuestros-equipos-han-trabajado-duro-por-toda-europa\/image007\/'><img decoding=\"async\" width=\"150\" height=\"150\" data-src=\"https:\/\/litecon.es\/wp-content\/uploads\/2016\/09\/image007-150x150.jpg\" class=\"attachment-thumbnail size-thumbnail lazyload\" alt=\"Parking rehabilitado\" src=\"data:image\/svg+xml;base64,PHN2ZyB3aWR0aD0iMSIgaGVpZ2h0PSIxIiB4bWxucz0iaHR0cDovL3d3dy53My5vcmcvMjAwMC9zdmciPjwvc3ZnPg==\" style=\"--smush-placeholder-width: 150px; --smush-placeholder-aspect-ratio: 150\/150;\" \/><\/a>\n\t\t\t<\/div><\/figure>\n\t\t<\/div>\n\n","protected":false},"excerpt":{"rendered":"<p>Despu\u00e9s de casi un a\u00f1o de trabajos se ha finalizado la obra de refuerzo estructural y rehabilitaci\u00f3n de aparcamiento de 520 plazas en Madrid<\/p>\n","protected":false},"author":1,"featured_media":4828,"comment_status":"open","ping_status":"open","sticky":false,"template":"","format":"standard","meta":{"_genesis_hide_title":false,"_genesis_hide_breadcrumbs":false,"_genesis_hide_singular_image":false,"_genesis_hide_footer_widgets":false,"_genesis_custom_body_class":"","_genesis_custom_post_class":"","_genesis_layout":"","footnotes":""},"categories":[1],"tags":[],"class_list":{"0":"post-4823","1":"post","2":"type-post","3":"status-publish","4":"format-standard","5":"has-post-thumbnail","7":"category-sin-categoria","8":"entry"},"_links":{"self":[{"href":"https:\/\/litecon.es\/en\/wp-json\/wp\/v2\/posts\/4823","targetHints":{"allow":["GET"]}}],"collection":[{"href":"https:\/\/litecon.es\/en\/wp-json\/wp\/v2\/posts"}],"about":[{"href":"https:\/\/litecon.es\/en\/wp-json\/wp\/v2\/types\/post"}],"author":[{"embeddable":true,"href":"https:\/\/litecon.es\/en\/wp-json\/wp\/v2\/users\/1"}],"replies":[{"embeddable":true,"href":"https:\/\/litecon.es\/en\/wp-json\/wp\/v2\/comments?post=4823"}],"version-history":[{"count":0,"href":"https:\/\/litecon.es\/en\/wp-json\/wp\/v2\/posts\/4823\/revisions"}],"wp:featuredmedia":[{"embeddable":true,"href":"https:\/\/litecon.es\/en\/wp-json\/wp\/v2\/media\/4828"}],"wp:attachment":[{"href":"https:\/\/litecon.es\/en\/wp-json\/wp\/v2\/media?parent=4823"}],"wp:term":[{"taxonomy":"category","embeddable":true,"href":"https:\/\/litecon.es\/en\/wp-json\/wp\/v2\/categories?post=4823"},{"taxonomy":"post_tag","embeddable":true,"href":"https:\/\/litecon.es\/en\/wp-json\/wp\/v2\/tags?post=4823"}],"curies":[{"name":"wp","href":"https:\/\/api.w.org\/{rel}","templated":true}]}}