{"id":4829,"date":"2016-10-03T08:16:18","date_gmt":"2016-10-03T08:16:18","guid":{"rendered":"https:\/\/litecon.es\/?p=4829"},"modified":"2016-10-03T08:16:18","modified_gmt":"2016-10-03T08:16:18","slug":"entrevista-fernando-prieto-en-la-feria-construtec-2016","status":"publish","type":"post","link":"https:\/\/litecon.es\/en\/entrevista-fernando-prieto-en-la-feria-construtec-2016\/","title":{"rendered":"Entrevista Fernando Prieto en la Feria CONSTRUTEC 2016"},"content":{"rendered":"<h2><strong>FERNANDO PRIETO, presidente de la Asociaci\u00f3n Nacional de Empresas de Rehabilitaci\u00f3n y Reforma, ANERR<\/strong><\/h2>\n<h3><b>&#8220;Ferias como CONSTRUTEC son esenciales para intercambiar conocimiento y estar a la vanguardia de las t\u00e9cnicas y soluciones&#8221;<\/b><\/h3>\n<div class=\"DescripcionNoticia\">\n<p><strong>\u00bfC\u00f3mo cree que est\u00e1 evolucionando la rehabilitaci\u00f3n y qu\u00e9 papel jugar\u00e1 en ella la innovaci\u00f3n?<\/strong><\/p>\n<p>La rehabilitaci\u00f3n edificatoria crece y se consolida d\u00eda a d\u00eda como una actividad necesaria, tanto para el particular (su vivienda) como para las empresas (oficinas, retail, hoteles, etc.). El edificio en el que nos encontramos no puede ser ajeno a la evoluci\u00f3n que ha sufrido la sociedad y la econom\u00eda, debe favorecer la eficiencia energ\u00e9tica, la accesibilidad y el confort de quien lo habita, debiendo integrar soluciones TIC para estar preparado ante los requisitos de las ciudades inteligentes.<\/p>\n<p>La UE con Europa 2020 como estrategia de crecimiento para la pr\u00f3xima d\u00e9cada, su objetivo 20-20-20 y el impulso de las smart cities nos est\u00e1 indicando la necesidad de actualizar nuestros inmuebles en una econom\u00eda inteligente, sostenible e integradora, generando altos niveles de empleo, productividad y cohesi\u00f3n social.<\/p>\n<p><strong>\u00bfQu\u00e9 nuevas iniciativas son necesarias?<\/strong><\/p>\n<p>ANERR lleva cinco a\u00f1os difundiendo las bondades de la rehabilitaci\u00f3n eficiente, creando la cultura de la rehabilitaci\u00f3n, pero la realidad econ\u00f3mica y social de Espa\u00f1a requiere de iniciativas de la Administraci\u00f3n que la impulsen definitivamente con medidas continuas con un horizonte a largo plazo que transmita seguridad al usuario, evitando planes de ayudas puntuales y con cortos plazos para presentar la documentaci\u00f3n. Adem\u00e1s, se debe hacer uso de la ventanilla \u00fanica, dar r\u00e1pida respuesta a la solicitud, etc. Por todo ello y para ayudar en el proceso, ANERR colabora con los usuarios y la Administraci\u00f3n.<\/p>\n<p>La profesionalizaci\u00f3n del sector y la innovaci\u00f3n son dos pilares esenciales para una adecuada rehabilitaci\u00f3n, ya que ser\u00e1 la identidad de cada edificio a rehabilitar lo que establezca la t\u00e9cnica y soluci\u00f3n \u00f3ptima, siendo distinta en cada caso. Es la gran diferencia con la obra nueva.<\/p>\n<p><strong>\u00bfC\u00f3mo contribuye ANERR a fomentar las soluciones innovadoras?<\/strong><\/p>\n<p>Tanto ANERR como sus empresas asociadas trabajan d\u00eda a d\u00eda para conocer las soluciones innovadoras y junto con los fabricantes, empresas que realizan una gran inversi\u00f3n en I+D, se ha preparado la tercera edici\u00f3n del Circuito ANERR de Rehabilitaci\u00f3n. En \u00e9l se presentar\u00e1n, de una forma eminentemente pr\u00e1ctica, soluciones innovadoras que abarcar\u00e1n todo el proceso constructivo de la rehabilitaci\u00f3n. Ser\u00e1n 700 metros cuadrados en estructura de andamios, que har\u00e1 imprescindible al visitante entrar para saber qu\u00e9 ocurre all\u00ed dentro.<\/p>\n<p>ANERR apuesta por la difusi\u00f3n del conocimiento y, por ello, realiza con gran \u00e9xito las Jornadas Pr\u00e1cticas Nacionales donde todo profesional que realice el proyecto\/ejecuci\u00f3n\/control pueda conocer y \u2018tocar\u2019 las soluciones de \u00faltima tendencia, resolviendo sus dudas.<\/p>\n<p><strong>\u00bfC\u00f3mo cree que una Feria como CONSTRUTEC contribuir\u00e1 a potenciar el conocimiento del sector y a impulsar el negocio de sus empresas y operadores?\u00a0<\/strong><\/p>\n<p>Ferias como CONSTRUTEC son esenciales para intercambiar conocimiento y estar a la vanguardia de las t\u00e9cnicas y soluciones. Por la experiencia de otros a\u00f1os, esperamos una gran asistencia de profesionales del sector al Circuito ANERR de Rehabilitaci\u00f3n, as\u00ed como administradores de fincas y empresarios propietarios de inmuebles que precisan conocer c\u00f3mo rehabilitarlos de forma \u00f3ptima. ANERR est\u00e1 a su disposici\u00f3n para acompa\u00f1arles en todo el proceso, por lo que les esperamos all\u00ed.<\/p>\n<\/div>\n","protected":false},"excerpt":{"rendered":"<p>FERNANDO PRIETO, presidente de la Asociaci\u00f3n Nacional de Empresas de Rehabilitaci\u00f3n y Reforma, ANERR &#8220;Ferias como CONSTRUTEC son esenciales para intercambiar conocimiento y estar a la vanguardia de las t\u00e9cnicas y soluciones&#8221; \u00bfC\u00f3mo cree que est\u00e1 evolucionando la rehabilitaci\u00f3n y qu\u00e9 papel jugar\u00e1 en ella la innovaci\u00f3n? La rehabilitaci\u00f3n edificatoria crece y se consolida d\u00eda [&hellip;]<\/p>\n","protected":false},"author":1,"featured_media":4830,"comment_status":"open","ping_status":"open","sticky":false,"template":"","format":"standard","meta":{"_genesis_hide_title":false,"_genesis_hide_breadcrumbs":false,"_genesis_hide_singular_image":false,"_genesis_hide_footer_widgets":false,"_genesis_custom_body_class":"","_genesis_custom_post_class":"","_genesis_layout":"","footnotes":""},"categories":[1],"tags":[],"class_list":{"0":"post-4829","1":"post","2":"type-post","3":"status-publish","4":"format-standard","5":"has-post-thumbnail","7":"category-sin-categoria","8":"entry"},"_links":{"self":[{"href":"https:\/\/litecon.es\/en\/wp-json\/wp\/v2\/posts\/4829","targetHints":{"allow":["GET"]}}],"collection":[{"href":"https:\/\/litecon.es\/en\/wp-json\/wp\/v2\/posts"}],"about":[{"href":"https:\/\/litecon.es\/en\/wp-json\/wp\/v2\/types\/post"}],"author":[{"embeddable":true,"href":"https:\/\/litecon.es\/en\/wp-json\/wp\/v2\/users\/1"}],"replies":[{"embeddable":true,"href":"https:\/\/litecon.es\/en\/wp-json\/wp\/v2\/comments?post=4829"}],"version-history":[{"count":0,"href":"https:\/\/litecon.es\/en\/wp-json\/wp\/v2\/posts\/4829\/revisions"}],"wp:featuredmedia":[{"embeddable":true,"href":"https:\/\/litecon.es\/en\/wp-json\/wp\/v2\/media\/4830"}],"wp:attachment":[{"href":"https:\/\/litecon.es\/en\/wp-json\/wp\/v2\/media?parent=4829"}],"wp:term":[{"taxonomy":"category","embeddable":true,"href":"https:\/\/litecon.es\/en\/wp-json\/wp\/v2\/categories?post=4829"},{"taxonomy":"post_tag","embeddable":true,"href":"https:\/\/litecon.es\/en\/wp-json\/wp\/v2\/tags?post=4829"}],"curies":[{"name":"wp","href":"https:\/\/api.w.org\/{rel}","templated":true}]}}