{"id":4858,"date":"2017-01-24T08:54:10","date_gmt":"2017-01-24T08:54:10","guid":{"rendered":"https:\/\/litecon.es\/?p=4858"},"modified":"2017-01-24T08:54:10","modified_gmt":"2017-01-24T08:54:10","slug":"stand-bijhorca-paris","status":"publish","type":"post","link":"https:\/\/litecon.es\/en\/stand-bijhorca-paris\/","title":{"rendered":"Stand Bijhorca Par\u00eds"},"content":{"rendered":"<p>Terminado el montaje del stand de Bijhorca en Par\u00eds. S\u00f3lo quedan cuatro ferias que montar los pr\u00f3ximos dos meses.<\/p>\n<div id='gallery-1' class='gallery galleryid-4858 gallery-columns-3 gallery-size-thumbnail'><figure class='gallery-item'>\n\t\t\t<div class='gallery-icon landscape'>\n\t\t\t\t<a href='https:\/\/litecon.es\/en\/stand-bijhorca-paris\/1_800\/'><img decoding=\"async\" width=\"150\" height=\"150\" data-src=\"https:\/\/litecon.es\/wp-content\/uploads\/2017\/01\/1_800-150x150.jpg\" class=\"attachment-thumbnail size-thumbnail lazyload\" alt=\"Stand Bijhorca Par\u00eds\" src=\"data:image\/svg+xml;base64,PHN2ZyB3aWR0aD0iMSIgaGVpZ2h0PSIxIiB4bWxucz0iaHR0cDovL3d3dy53My5vcmcvMjAwMC9zdmciPjwvc3ZnPg==\" style=\"--smush-placeholder-width: 150px; --smush-placeholder-aspect-ratio: 150\/150;\" \/><\/a>\n\t\t\t<\/div><\/figure><figure class='gallery-item'>\n\t\t\t<div class='gallery-icon portrait'>\n\t\t\t\t<a href='https:\/\/litecon.es\/en\/stand-bijhorca-paris\/2_800\/'><img decoding=\"async\" width=\"150\" height=\"150\" data-src=\"https:\/\/litecon.es\/wp-content\/uploads\/2017\/01\/2_800-150x150.jpg\" class=\"attachment-thumbnail size-thumbnail lazyload\" alt=\"Stand Bijhorca Par\u00eds\" src=\"data:image\/svg+xml;base64,PHN2ZyB3aWR0aD0iMSIgaGVpZ2h0PSIxIiB4bWxucz0iaHR0cDovL3d3dy53My5vcmcvMjAwMC9zdmciPjwvc3ZnPg==\" style=\"--smush-placeholder-width: 150px; --smush-placeholder-aspect-ratio: 150\/150;\" \/><\/a>\n\t\t\t<\/div><\/figure><figure class='gallery-item'>\n\t\t\t<div class='gallery-icon landscape'>\n\t\t\t\t<a href='https:\/\/litecon.es\/en\/stand-bijhorca-paris\/4_800\/'><img decoding=\"async\" width=\"150\" height=\"150\" data-src=\"https:\/\/litecon.es\/wp-content\/uploads\/2017\/01\/4_800-150x150.jpg\" class=\"attachment-thumbnail size-thumbnail lazyload\" alt=\"Stand Bijhorca Par\u00eds\" src=\"data:image\/svg+xml;base64,PHN2ZyB3aWR0aD0iMSIgaGVpZ2h0PSIxIiB4bWxucz0iaHR0cDovL3d3dy53My5vcmcvMjAwMC9zdmciPjwvc3ZnPg==\" style=\"--smush-placeholder-width: 150px; --smush-placeholder-aspect-ratio: 150\/150;\" \/><\/a>\n\t\t\t<\/div><\/figure><figure class='gallery-item'>\n\t\t\t<div class='gallery-icon portrait'>\n\t\t\t\t<a href='https:\/\/litecon.es\/en\/stand-bijhorca-paris\/5_800\/'><img decoding=\"async\" width=\"150\" height=\"150\" data-src=\"https:\/\/litecon.es\/wp-content\/uploads\/2017\/01\/5_800-150x150.jpg\" class=\"attachment-thumbnail size-thumbnail lazyload\" alt=\"Stand Bijhorca Par\u00eds\" src=\"data:image\/svg+xml;base64,PHN2ZyB3aWR0aD0iMSIgaGVpZ2h0PSIxIiB4bWxucz0iaHR0cDovL3d3dy53My5vcmcvMjAwMC9zdmciPjwvc3ZnPg==\" style=\"--smush-placeholder-width: 150px; --smush-placeholder-aspect-ratio: 150\/150;\" \/><\/a>\n\t\t\t<\/div><\/figure>\n\t\t<\/div>\n\n","protected":false},"excerpt":{"rendered":"<p>Terminado el montaje del stand de Bijhorca en Par\u00eds. S\u00f3lo quedan cuatro ferias que montar los pr\u00f3ximos dos meses.<\/p>\n","protected":false},"author":1,"featured_media":4861,"comment_status":"open","ping_status":"open","sticky":false,"template":"","format":"standard","meta":{"_genesis_hide_title":false,"_genesis_hide_breadcrumbs":false,"_genesis_hide_singular_image":false,"_genesis_hide_footer_widgets":false,"_genesis_custom_body_class":"","_genesis_custom_post_class":"","_genesis_layout":"","footnotes":""},"categories":[1],"tags":[],"class_list":{"0":"post-4858","1":"post","2":"type-post","3":"status-publish","4":"format-standard","5":"has-post-thumbnail","7":"category-sin-categoria","8":"entry"},"_links":{"self":[{"href":"https:\/\/litecon.es\/en\/wp-json\/wp\/v2\/posts\/4858","targetHints":{"allow":["GET"]}}],"collection":[{"href":"https:\/\/litecon.es\/en\/wp-json\/wp\/v2\/posts"}],"about":[{"href":"https:\/\/litecon.es\/en\/wp-json\/wp\/v2\/types\/post"}],"author":[{"embeddable":true,"href":"https:\/\/litecon.es\/en\/wp-json\/wp\/v2\/users\/1"}],"replies":[{"embeddable":true,"href":"https:\/\/litecon.es\/en\/wp-json\/wp\/v2\/comments?post=4858"}],"version-history":[{"count":0,"href":"https:\/\/litecon.es\/en\/wp-json\/wp\/v2\/posts\/4858\/revisions"}],"wp:featuredmedia":[{"embeddable":true,"href":"https:\/\/litecon.es\/en\/wp-json\/wp\/v2\/media\/4861"}],"wp:attachment":[{"href":"https:\/\/litecon.es\/en\/wp-json\/wp\/v2\/media?parent=4858"}],"wp:term":[{"taxonomy":"category","embeddable":true,"href":"https:\/\/litecon.es\/en\/wp-json\/wp\/v2\/categories?post=4858"},{"taxonomy":"post_tag","embeddable":true,"href":"https:\/\/litecon.es\/en\/wp-json\/wp\/v2\/tags?post=4858"}],"curies":[{"name":"wp","href":"https:\/\/api.w.org\/{rel}","templated":true}]}}