{"id":4876,"date":"2017-03-06T09:23:08","date_gmt":"2017-03-06T09:23:08","guid":{"rendered":"https:\/\/litecon.es\/?p=4876"},"modified":"2017-03-06T09:23:08","modified_gmt":"2017-03-06T09:23:08","slug":"rehabilitacion-integral-de-vivienda-en-la-sierra-de-madrid","status":"publish","type":"post","link":"https:\/\/litecon.es\/en\/rehabilitacion-integral-de-vivienda-en-la-sierra-de-madrid\/","title":{"rendered":"Rehabilitaci\u00f3n integral de vivienda en la sierra de Madrid"},"content":{"rendered":"<p>En fechas recientes se ha finalizado la obra de rehabilitaci\u00f3n de un edificio construido hace setenta a\u00f1os, seg\u00fan proyecto del Arquitecto Luis Guti\u00e9rrez Soto.<\/p>\n<p>Esta es una de esas obras que merecen la pena, y nos sentimos orgullosos del desarrollo y resultado de la misma. La rehabilitaci\u00f3n se ha llevado a cabo respetando al m\u00e1ximo la personalidad y el estilo original, rectificando tambi\u00e9n algunas modificaciones desacertadas que se realizaron por los anteriores propietarios.<\/p>\n<p>La vivienda estaba en un estado de abandono durante varias d\u00e9cadas. Aparte de los trabajos de rehabilitaci\u00f3n, se ha mejorado notablemente el aislamiento t\u00e9rmico en fachada y cubierta. Se ha colocado nueva carpinter\u00eda exterior de madera con vidrios de altas prestaciones, y se han renovado instalaciones.<\/p>\n<p>La responsable del proyecto ha sido la arquitecta Patricia Mor\u00e1n. Por parte de LITECON la jefa de obra ha sido Ana Mora, con Pedro de La Torre como encargado. Es destacable el trabajo de alba\u00f1iler\u00eda y canter\u00eda, respetando en todo momento el dise\u00f1o y sabor original, pero con una mejora importante de funcionalidad y prestaciones.<\/p>\n<div id='gallery-1' class='gallery galleryid-4876 gallery-columns-3 gallery-size-thumbnail'><figure class='gallery-item'>\n\t\t\t<div class='gallery-icon landscape'>\n\t\t\t\t<a href='https:\/\/litecon.es\/en\/rehabilitacion-integral-de-vivienda-en-la-sierra-de-madrid\/01-2\/'><img decoding=\"async\" width=\"150\" height=\"150\" data-src=\"https:\/\/litecon.es\/wp-content\/uploads\/2017\/03\/01-150x150.jpg\" class=\"attachment-thumbnail size-thumbnail lazyload\" alt=\"Rehabilitaci\u00f3n integral de vivienda en la sierra de Madrid\" src=\"data:image\/svg+xml;base64,PHN2ZyB3aWR0aD0iMSIgaGVpZ2h0PSIxIiB4bWxucz0iaHR0cDovL3d3dy53My5vcmcvMjAwMC9zdmciPjwvc3ZnPg==\" style=\"--smush-placeholder-width: 150px; --smush-placeholder-aspect-ratio: 150\/150;\" \/><\/a>\n\t\t\t<\/div><\/figure><figure class='gallery-item'>\n\t\t\t<div class='gallery-icon landscape'>\n\t\t\t\t<a href='https:\/\/litecon.es\/en\/rehabilitacion-integral-de-vivienda-en-la-sierra-de-madrid\/attachment\/04\/'><img decoding=\"async\" width=\"150\" height=\"150\" data-src=\"https:\/\/litecon.es\/wp-content\/uploads\/2017\/03\/04-150x150.jpg\" class=\"attachment-thumbnail size-thumbnail lazyload\" alt=\"Rehabilitaci\u00f3n integral de vivienda en la sierra de Madrid\" src=\"data:image\/svg+xml;base64,PHN2ZyB3aWR0aD0iMSIgaGVpZ2h0PSIxIiB4bWxucz0iaHR0cDovL3d3dy53My5vcmcvMjAwMC9zdmciPjwvc3ZnPg==\" style=\"--smush-placeholder-width: 150px; --smush-placeholder-aspect-ratio: 150\/150;\" \/><\/a>\n\t\t\t<\/div><\/figure><figure class='gallery-item'>\n\t\t\t<div class='gallery-icon landscape'>\n\t\t\t\t<a href='https:\/\/litecon.es\/en\/rehabilitacion-integral-de-vivienda-en-la-sierra-de-madrid\/03-2\/'><img decoding=\"async\" width=\"150\" height=\"150\" data-src=\"https:\/\/litecon.es\/wp-content\/uploads\/2017\/03\/03-150x150.jpg\" class=\"attachment-thumbnail size-thumbnail lazyload\" alt=\"Rehabilitaci\u00f3n integral de vivienda en la sierra de Madrid\" src=\"data:image\/svg+xml;base64,PHN2ZyB3aWR0aD0iMSIgaGVpZ2h0PSIxIiB4bWxucz0iaHR0cDovL3d3dy53My5vcmcvMjAwMC9zdmciPjwvc3ZnPg==\" style=\"--smush-placeholder-width: 150px; --smush-placeholder-aspect-ratio: 150\/150;\" \/><\/a>\n\t\t\t<\/div><\/figure><figure class='gallery-item'>\n\t\t\t<div class='gallery-icon landscape'>\n\t\t\t\t<a href='https:\/\/litecon.es\/en\/rehabilitacion-integral-de-vivienda-en-la-sierra-de-madrid\/02-2\/'><img decoding=\"async\" width=\"150\" height=\"150\" data-src=\"https:\/\/litecon.es\/wp-content\/uploads\/2017\/03\/02-150x150.jpg\" class=\"attachment-thumbnail size-thumbnail lazyload\" alt=\"Rehabilitaci\u00f3n integral de vivienda en la sierra de Madrid\" src=\"data:image\/svg+xml;base64,PHN2ZyB3aWR0aD0iMSIgaGVpZ2h0PSIxIiB4bWxucz0iaHR0cDovL3d3dy53My5vcmcvMjAwMC9zdmciPjwvc3ZnPg==\" style=\"--smush-placeholder-width: 150px; --smush-placeholder-aspect-ratio: 150\/150;\" \/><\/a>\n\t\t\t<\/div><\/figure>\n\t\t<\/div>\n\n","protected":false},"excerpt":{"rendered":"<p>En fechas recientes se ha finalizado la obra de rehabilitaci\u00f3n de un edificio construido hace setenta a\u00f1os, seg\u00fan proyecto del Arquitecto Luis Guti\u00e9rrez Soto. Esta es una de esas obras que merecen la pena, y nos sentimos orgullosos del desarrollo y resultado de la misma. La rehabilitaci\u00f3n se ha llevado a cabo respetando al m\u00e1ximo [&hellip;]<\/p>\n","protected":false},"author":1,"featured_media":4877,"comment_status":"open","ping_status":"open","sticky":false,"template":"","format":"standard","meta":{"_genesis_hide_title":false,"_genesis_hide_breadcrumbs":false,"_genesis_hide_singular_image":false,"_genesis_hide_footer_widgets":false,"_genesis_custom_body_class":"","_genesis_custom_post_class":"","_genesis_layout":"","footnotes":""},"categories":[1],"tags":[],"class_list":{"0":"post-4876","1":"post","2":"type-post","3":"status-publish","4":"format-standard","5":"has-post-thumbnail","7":"category-sin-categoria","8":"entry"},"_links":{"self":[{"href":"https:\/\/litecon.es\/en\/wp-json\/wp\/v2\/posts\/4876","targetHints":{"allow":["GET"]}}],"collection":[{"href":"https:\/\/litecon.es\/en\/wp-json\/wp\/v2\/posts"}],"about":[{"href":"https:\/\/litecon.es\/en\/wp-json\/wp\/v2\/types\/post"}],"author":[{"embeddable":true,"href":"https:\/\/litecon.es\/en\/wp-json\/wp\/v2\/users\/1"}],"replies":[{"embeddable":true,"href":"https:\/\/litecon.es\/en\/wp-json\/wp\/v2\/comments?post=4876"}],"version-history":[{"count":0,"href":"https:\/\/litecon.es\/en\/wp-json\/wp\/v2\/posts\/4876\/revisions"}],"wp:featuredmedia":[{"embeddable":true,"href":"https:\/\/litecon.es\/en\/wp-json\/wp\/v2\/media\/4877"}],"wp:attachment":[{"href":"https:\/\/litecon.es\/en\/wp-json\/wp\/v2\/media?parent=4876"}],"wp:term":[{"taxonomy":"category","embeddable":true,"href":"https:\/\/litecon.es\/en\/wp-json\/wp\/v2\/categories?post=4876"},{"taxonomy":"post_tag","embeddable":true,"href":"https:\/\/litecon.es\/en\/wp-json\/wp\/v2\/tags?post=4876"}],"curies":[{"name":"wp","href":"https:\/\/api.w.org\/{rel}","templated":true}]}}