{"id":4937,"date":"2017-12-11T14:58:23","date_gmt":"2017-12-11T13:58:23","guid":{"rendered":"https:\/\/litecon.es\/?p=4937"},"modified":"2018-06-28T13:06:42","modified_gmt":"2018-06-28T12:06:42","slug":"obra-de-litecon-en-el-hotel-indigo","status":"publish","type":"post","link":"https:\/\/litecon.es\/en\/obra-de-litecon-en-el-hotel-indigo\/","title":{"rendered":"Obra de LITECON en el hotel \u00cdndigo"},"content":{"rendered":"<p class=\"p1\">Obra ejecutada por LITECON, seg\u00fan proyecto del estudio Teresa Sapey, en el hotel \u00cdndigo de Madrid<\/p>\n<p class=\"p1\"><span class=\"s1\"><a href=\"http:\/\/www.teresasapey.com\/projects\/terraza-restaurante-hotel-indigo\/\">http:\/\/www.teresasapey.com\/projects\/terraza-restaurante-hotel-indigo\/<\/a><\/span><\/p>\n<p>Reforma integral de vivienda en Madrid, consiguiendo un m\u00e1ximo aprovechamiento de la luz&#8230;, fotos de antes y despu\u00e9s de la ejecuci\u00f3n de la reforma.<\/p>\n<div id='gallery-1' class='gallery galleryid-4937 gallery-columns-3 gallery-size-thumbnail'><figure class='gallery-item'>\n\t\t\t<div class='gallery-icon portrait'>\n\t\t\t\t<a href='https:\/\/litecon.es\/en\/obra-de-litecon-en-el-hotel-indigo\/image003-3\/'><img decoding=\"async\" width=\"150\" height=\"150\" data-src=\"https:\/\/litecon.es\/wp-content\/uploads\/2017\/05\/image003-150x150.png\" class=\"attachment-thumbnail size-thumbnail lazyload\" alt=\"Rehabilitaci\u00f3n Hotel \u00cdndigo\" src=\"data:image\/svg+xml;base64,PHN2ZyB3aWR0aD0iMSIgaGVpZ2h0PSIxIiB4bWxucz0iaHR0cDovL3d3dy53My5vcmcvMjAwMC9zdmciPjwvc3ZnPg==\" style=\"--smush-placeholder-width: 150px; --smush-placeholder-aspect-ratio: 150\/150;\" \/><\/a>\n\t\t\t<\/div><\/figure><figure class='gallery-item'>\n\t\t\t<div class='gallery-icon landscape'>\n\t\t\t\t<a href='https:\/\/litecon.es\/en\/obra-de-litecon-en-el-hotel-indigo\/image004-2\/'><img decoding=\"async\" width=\"150\" height=\"150\" data-src=\"https:\/\/litecon.es\/wp-content\/uploads\/2017\/05\/image004-150x150.png\" class=\"attachment-thumbnail size-thumbnail lazyload\" alt=\"Rehabilitaci\u00f3n Hotel \u00cdndigo\" src=\"data:image\/svg+xml;base64,PHN2ZyB3aWR0aD0iMSIgaGVpZ2h0PSIxIiB4bWxucz0iaHR0cDovL3d3dy53My5vcmcvMjAwMC9zdmciPjwvc3ZnPg==\" style=\"--smush-placeholder-width: 150px; --smush-placeholder-aspect-ratio: 150\/150;\" \/><\/a>\n\t\t\t<\/div><\/figure><figure class='gallery-item'>\n\t\t\t<div class='gallery-icon landscape'>\n\t\t\t\t<a href='https:\/\/litecon.es\/en\/obra-de-litecon-en-el-hotel-indigo\/image005-2\/'><img decoding=\"async\" width=\"150\" height=\"150\" data-src=\"https:\/\/litecon.es\/wp-content\/uploads\/2017\/05\/image005-150x150.png\" class=\"attachment-thumbnail size-thumbnail lazyload\" alt=\"Rehabilitaci\u00f3n Hotel \u00cdndigo\" src=\"data:image\/svg+xml;base64,PHN2ZyB3aWR0aD0iMSIgaGVpZ2h0PSIxIiB4bWxucz0iaHR0cDovL3d3dy53My5vcmcvMjAwMC9zdmciPjwvc3ZnPg==\" style=\"--smush-placeholder-width: 150px; --smush-placeholder-aspect-ratio: 150\/150;\" \/><\/a>\n\t\t\t<\/div><\/figure>\n\t\t<\/div>\n\n","protected":false},"excerpt":{"rendered":"<p>Obra ejecutada por LITECON, seg\u00fan proyecto del estudio Teresa Sapey, en el hotel \u00cdndigo de Madrid http:\/\/www.teresasapey.com\/projects\/terraza-restaurante-hotel-indigo\/ Reforma integral de vivienda en Madrid, consiguiendo un m\u00e1ximo aprovechamiento de la luz&#8230;, fotos de antes y despu\u00e9s de la ejecuci\u00f3n de la reforma.<\/p>\n","protected":false},"author":1,"featured_media":4942,"comment_status":"open","ping_status":"open","sticky":false,"template":"","format":"standard","meta":{"_genesis_hide_title":false,"_genesis_hide_breadcrumbs":false,"_genesis_hide_singular_image":false,"_genesis_hide_footer_widgets":false,"_genesis_custom_body_class":"","_genesis_custom_post_class":"","_genesis_layout":"","footnotes":""},"categories":[1],"tags":[],"class_list":{"0":"post-4937","1":"post","2":"type-post","3":"status-publish","4":"format-standard","5":"has-post-thumbnail","7":"category-sin-categoria","8":"entry"},"_links":{"self":[{"href":"https:\/\/litecon.es\/en\/wp-json\/wp\/v2\/posts\/4937","targetHints":{"allow":["GET"]}}],"collection":[{"href":"https:\/\/litecon.es\/en\/wp-json\/wp\/v2\/posts"}],"about":[{"href":"https:\/\/litecon.es\/en\/wp-json\/wp\/v2\/types\/post"}],"author":[{"embeddable":true,"href":"https:\/\/litecon.es\/en\/wp-json\/wp\/v2\/users\/1"}],"replies":[{"embeddable":true,"href":"https:\/\/litecon.es\/en\/wp-json\/wp\/v2\/comments?post=4937"}],"version-history":[{"count":1,"href":"https:\/\/litecon.es\/en\/wp-json\/wp\/v2\/posts\/4937\/revisions"}],"predecessor-version":[{"id":5059,"href":"https:\/\/litecon.es\/en\/wp-json\/wp\/v2\/posts\/4937\/revisions\/5059"}],"wp:featuredmedia":[{"embeddable":true,"href":"https:\/\/litecon.es\/en\/wp-json\/wp\/v2\/media\/4942"}],"wp:attachment":[{"href":"https:\/\/litecon.es\/en\/wp-json\/wp\/v2\/media?parent=4937"}],"wp:term":[{"taxonomy":"category","embeddable":true,"href":"https:\/\/litecon.es\/en\/wp-json\/wp\/v2\/categories?post=4937"},{"taxonomy":"post_tag","embeddable":true,"href":"https:\/\/litecon.es\/en\/wp-json\/wp\/v2\/tags?post=4937"}],"curies":[{"name":"wp","href":"https:\/\/api.w.org\/{rel}","templated":true}]}}