{"id":691,"date":"2013-11-25T03:45:26","date_gmt":"2013-11-25T03:45:26","guid":{"rendered":"http:\/\/wpexplorer-demos.com\/?p=691"},"modified":"2013-11-25T03:45:26","modified_gmt":"2013-11-25T03:45:26","slug":"iniciadas-las-obras-del-proyecto-mum","status":"publish","type":"post","link":"https:\/\/litecon.es\/en\/iniciadas-las-obras-del-proyecto-mum\/","title":{"rendered":"Iniciadas las obras del Proyecto MUM"},"content":{"rendered":"<p>A primeros de marzo se han dado comienzo a las obras de reacondicionamiento de un edificio para albergar una \u201cEcoaldea\u201d de la Asociaci\u00f3n MUM (Mujeres Unidas contra el Maltrato).<\/p>\n<p>Este es un proyecto de Responsabilidad Social Corporativa de ANERR (Asociaci\u00f3n Nacional de Empresas de Rehabilitaci\u00f3n y Reforma) en colaboraci\u00f3n con la asociaci\u00f3n MUM, para que las empresas de ANERR colaboren en los trabajos necesarios para que el edificio pueda ser destinado a albergue temporal de mujeres v\u00edctimas del maltrato y sus hijos.<\/p>\n<p>LITECON, junto con otras empresas socias de ANERR est\u00e1 participando en este proyecto, aportando materiales y realizando la coordinaci\u00f3n de seguridad de la obra.    \t<\/p>\n","protected":false},"excerpt":{"rendered":"<p>A primeros de marzo se han dado comienzo a las obras de reacondicionamiento de un edificio para albergar una \u201cEcoaldea\u201d de la Asociaci\u00f3n MUM (Mujeres Unidas contra el Maltrato). Este es un proyecto de Responsabilidad Social Corporativa de ANERR (Asociaci\u00f3n Nacional de Empresas de Rehabilitaci\u00f3n y Reforma) en colaboraci\u00f3n con la asociaci\u00f3n MUM, para que [&hellip;]<\/p>\n","protected":false},"author":1,"featured_media":4205,"comment_status":"open","ping_status":"open","sticky":false,"template":"","format":"gallery","meta":{"_genesis_hide_title":false,"_genesis_hide_breadcrumbs":false,"_genesis_hide_singular_image":false,"_genesis_hide_footer_widgets":false,"_genesis_custom_body_class":"","_genesis_custom_post_class":"","_genesis_layout":"","footnotes":""},"categories":[1],"tags":[9,10],"class_list":{"0":"post-691","1":"post","2":"type-post","3":"status-publish","4":"format-gallery","5":"has-post-thumbnail","7":"category-sin-categoria","8":"tag-mum","9":"tag-proyecto","10":"post_format-post-format-gallery","11":"entry"},"_links":{"self":[{"href":"https:\/\/litecon.es\/en\/wp-json\/wp\/v2\/posts\/691","targetHints":{"allow":["GET"]}}],"collection":[{"href":"https:\/\/litecon.es\/en\/wp-json\/wp\/v2\/posts"}],"about":[{"href":"https:\/\/litecon.es\/en\/wp-json\/wp\/v2\/types\/post"}],"author":[{"embeddable":true,"href":"https:\/\/litecon.es\/en\/wp-json\/wp\/v2\/users\/1"}],"replies":[{"embeddable":true,"href":"https:\/\/litecon.es\/en\/wp-json\/wp\/v2\/comments?post=691"}],"version-history":[{"count":0,"href":"https:\/\/litecon.es\/en\/wp-json\/wp\/v2\/posts\/691\/revisions"}],"wp:featuredmedia":[{"embeddable":true,"href":"https:\/\/litecon.es\/en\/wp-json\/wp\/v2\/media\/4205"}],"wp:attachment":[{"href":"https:\/\/litecon.es\/en\/wp-json\/wp\/v2\/media?parent=691"}],"wp:term":[{"taxonomy":"category","embeddable":true,"href":"https:\/\/litecon.es\/en\/wp-json\/wp\/v2\/categories?post=691"},{"taxonomy":"post_tag","embeddable":true,"href":"https:\/\/litecon.es\/en\/wp-json\/wp\/v2\/tags?post=691"}],"curies":[{"name":"wp","href":"https:\/\/api.w.org\/{rel}","templated":true}]}}