{"id":695,"date":"2013-11-28T03:40:19","date_gmt":"2013-11-28T03:40:19","guid":{"rendered":"http:\/\/wpexplorer-demos.com\/?p=695"},"modified":"2013-11-28T03:40:19","modified_gmt":"2013-11-28T03:40:19","slug":"anerr-celebra-el-14a-foro-aurhea-en-zaragoza","status":"publish","type":"post","link":"https:\/\/litecon.es\/en\/anerr-celebra-el-14a-foro-aurhea-en-zaragoza\/","title":{"rendered":"Anerr celebra el 14\u00aa Foro Aurhea en Zaragoza"},"content":{"rendered":"<p>El Foro AURhEA, AULA DE REHABILITACI\u00d3N EFICIENTE Y AHORRO, organizado por ANERR, sigue recorriendo ciudades espa\u00f1olas con el objetivo de dinamizar el sector de la rehabilitaci\u00f3n edificatoria a nivel nacional y de ser un punto de encuentro entra la administraci\u00f3n y el mercado, mostrando las distintas posiciones y actuaciones ante la rehabilitaci\u00f3n edificatoria.<\/p>\n<p>El \u00faltimo de ellos se celebr\u00f3 el pasado el Jueves 12 de Marzo en la C\u00e1mara de Comercio, Industria y Servicios de Zaragoza. La organizaci\u00f3n ha sido conjunta con la Confederaci\u00f3n de Empresarios de la Construcci\u00f3n de Arag\u00f3n.<\/p>\n<p>ANERR cont\u00f3 con el apoyo habitual y participaci\u00f3n del Ministerio de Fomento y Ministerio de Industria, Energ\u00eda y Turismo as\u00ed como de otros estamentos auton\u00f3micos y locales como el Gobierno de Arag\u00f3n y el Ayuntamiento de Zaragoza.<\/p>\n<p>En la inauguraci\u00f3n del Foro intervino D. Fernando Prieto, presidente de ANERR y director general de LITECON. En su discurso resumi\u00f3 la situaci\u00f3n actual del sector de la rehabilitaci\u00f3n edificatoria, desde el punto de vista de las empresas de ANERR, as\u00ed como las acciones que se deben tomar o reforzar para que el impulso de la rehabilitaci\u00f3n suponga la creaci\u00f3n de puestos de trabajo y la dinamizaci\u00f3n de la construcci\u00f3n.    \t<\/p>\n","protected":false},"excerpt":{"rendered":"<p>El Foro AURhEA, AULA DE REHABILITACI\u00d3N EFICIENTE Y AHORRO, organizado por ANERR, sigue recorriendo ciudades espa\u00f1olas con el objetivo de dinamizar el sector de la rehabilitaci\u00f3n edificatoria a nivel nacional y de ser un punto de encuentro entra la administraci\u00f3n y el mercado, mostrando las distintas posiciones y actuaciones ante la rehabilitaci\u00f3n edificatoria. El \u00faltimo [&hellip;]<\/p>\n","protected":false},"author":1,"featured_media":4215,"comment_status":"open","ping_status":"open","sticky":false,"template":"","format":"gallery","meta":{"_genesis_hide_title":false,"_genesis_hide_breadcrumbs":false,"_genesis_hide_singular_image":false,"_genesis_hide_footer_widgets":false,"_genesis_custom_body_class":"","_genesis_custom_post_class":"","_genesis_layout":"","footnotes":""},"categories":[1],"tags":[11,12],"class_list":{"0":"post-695","1":"post","2":"type-post","3":"status-publish","4":"format-gallery","5":"has-post-thumbnail","7":"category-sin-categoria","8":"tag-anerr","9":"tag-aurhea","10":"post_format-post-format-gallery","11":"entry"},"_links":{"self":[{"href":"https:\/\/litecon.es\/en\/wp-json\/wp\/v2\/posts\/695","targetHints":{"allow":["GET"]}}],"collection":[{"href":"https:\/\/litecon.es\/en\/wp-json\/wp\/v2\/posts"}],"about":[{"href":"https:\/\/litecon.es\/en\/wp-json\/wp\/v2\/types\/post"}],"author":[{"embeddable":true,"href":"https:\/\/litecon.es\/en\/wp-json\/wp\/v2\/users\/1"}],"replies":[{"embeddable":true,"href":"https:\/\/litecon.es\/en\/wp-json\/wp\/v2\/comments?post=695"}],"version-history":[{"count":0,"href":"https:\/\/litecon.es\/en\/wp-json\/wp\/v2\/posts\/695\/revisions"}],"wp:featuredmedia":[{"embeddable":true,"href":"https:\/\/litecon.es\/en\/wp-json\/wp\/v2\/media\/4215"}],"wp:attachment":[{"href":"https:\/\/litecon.es\/en\/wp-json\/wp\/v2\/media?parent=695"}],"wp:term":[{"taxonomy":"category","embeddable":true,"href":"https:\/\/litecon.es\/en\/wp-json\/wp\/v2\/categories?post=695"},{"taxonomy":"post_tag","embeddable":true,"href":"https:\/\/litecon.es\/en\/wp-json\/wp\/v2\/tags?post=695"}],"curies":[{"name":"wp","href":"https:\/\/api.w.org\/{rel}","templated":true}]}}